{"id":136,"date":"2023-08-23T19:46:15","date_gmt":"2023-08-23T19:46:15","guid":{"rendered":"https:\/\/www.inbuilt.com.br\/blog\/?p=136"},"modified":"2023-08-23T19:46:15","modified_gmt":"2023-08-23T19:46:15","slug":"apple-vision","status":"publish","type":"post","link":"https:\/\/www.inbuilt.com.br\/blog\/apple-vision\/","title":{"rendered":"Apple Vision: o que \u00e9 e como ele funciona?"},"content":{"rendered":"<p><span style=\"font-weight: 400;\">Smartphone, computador, notebook, leitores digitais: s\u00e3o v\u00e1rias as ferramentas digitais apresentadas ao mercado, evolu\u00edram e, atualmente, s\u00e3o grandes aliadas do dia a dia. O Apple Vision Pro, a <\/span><b>mais nova tecnologia de Realidade Virtual e Realidade Mista<\/b><span style=\"font-weight: 400;\">, \u00e9 uma ferramenta da Apple que chama a aten\u00e7\u00e3o das mais variadas \u00e1reas de atua\u00e7\u00e3o, por conta de suas inova\u00e7\u00f5es.<\/span><\/p>\n<p><span style=\"font-weight: 400;\">Desenvolvida pela empresa e apresentada na Apple Worldwide Developers Conference (WWDC) de 2023, a ferramenta tem o potencial de proje\u00e7\u00e3o surpreendente que levanta ideias para a aplica\u00e7\u00e3o na rotina de trabalho. \u00c1reas envolvidas com constru\u00e7\u00e3o, como Arquitetura e Engenharia, podem se beneficiar de diversas maneiras de uma tecnologia pr\u00e1tica de Realidade Virtual.<\/span><\/p>\n<p><span style=\"font-weight: 400;\">Neste artigo, entenda melhor o que \u00e9 o Apple Vision Pro, quais s\u00e3o os seus diferenciais e como os projetos de constru\u00e7\u00e3o civil podem aproveit\u00e1-lo!<\/span><\/p>\n<h2><b>O que \u00e9 o Apple Vision Pro?<\/b><\/h2>\n<p><span style=\"font-weight: 400;\">O Apple Vision Pro \u00e9 um <\/span><b>modelo de \u00f3culos de Realidade Virtual, Realidade Aumentada e Realidade Mista de alta resolu\u00e7\u00e3o<\/b><span style=\"font-weight: 400;\">. Trata-se tamb\u00e9m de um wearable, ou seja, uma tecnologia vest\u00edvel, uma vez que \u00e9 necess\u00e1rio montar o dispositivo na cabe\u00e7a para utiliz\u00e1-lo.<\/span><\/p>\n<p><span style=\"font-weight: 400;\">A proposta da Apple \u00e9 tornar o Vision Pro mais um aparelho utilizado no dia a dia, da mesma maneira que o iPhone, iPad e o Apple Watch, modelos de celular, player de m\u00fasica e rel\u00f3gio inteligente da empresa.<\/span><\/p>\n<p><span style=\"font-weight: 400;\">O Apple Vision Pro conta com design modular, que permite ajustar as lentes ao grau de vis\u00e3o do participante por meio de magnetismo. Al\u00e9m disso, tem peso de 450 gramas, sendo de f\u00e1cil aplica\u00e7\u00e3o e modelo confort\u00e1vel para o uso.<\/span><\/p>\n<p><span style=\"font-weight: 400;\">O<\/span><b> lan\u00e7amento da nova ferramenta est\u00e1 previsto para o in\u00edcio de 2024 <\/b><span style=\"font-weight: 400;\">na loja virtual da Apple dos Estados Unidos. J\u00e1 a comercializa\u00e7\u00e3o do Vision Pro para outros pa\u00edses ainda n\u00e3o tem previs\u00e3o.<\/span><\/p>\n<h2><b>Como funciona o Apple Vision Pro?<\/b><\/h2>\n<p><span style=\"font-weight: 400;\">Para saber o que esperar do Apple Vision Pro, vale a pena conhecer as suas principais caracter\u00edsticas. Desse modo, \u00e9 poss\u00edvel compreender como a tecnologia funciona e, principalmente, ter ideias para aplic\u00e1-la no dia a dia, seja no ambiente de trabalho, seja nas atividades pessoais.<\/span><\/p>\n<p><span style=\"font-weight: 400;\">A seguir, confira os principais diferenciais do Vision Pro, especialidade de Realidade Mista da Apple!<\/span><\/p>\n<h3><b>Mapeamento facial<\/b><\/h3>\n<p><span style=\"font-weight: 400;\">O sistema utilizado no dispositivo \u00e9 o visionOS, que tem uma <\/span><b>alta acur\u00e1cia<\/b><span style=\"font-weight: 400;\"> de detec\u00e7\u00e3o e mapeamento da dire\u00e7\u00e3o do olhar do usu\u00e1rio. Desse modo, ao vestir a tecnologia, \u00e9 poss\u00edvel ter a garantia de que o Apple Vision Pro estar\u00e1 registrando o movimento dos olhos, rosto e at\u00e9 mesmo das m\u00e3os para movimentar os objetos virtuais.<\/span><\/p>\n<h3><b>Proje\u00e7\u00e3o facial<\/b><\/h3>\n<p><span style=\"font-weight: 400;\">Al\u00e9m de mapear o rosto, o Vision Pro conta com uma tela de proje\u00e7\u00e3o facial. Na pr\u00e1tica, \u00e9 como se os \u00f3culos fossem transparentes. No entanto, trata-se de uma tecnologia para que quem esteja de fora tamb\u00e9m possa visualizar normalmente a face do usu\u00e1rio.<\/span><\/p>\n<h3><b>Resolu\u00e7\u00e3o superior a 4K<\/b><\/h3>\n<p><span style=\"font-weight: 400;\">Ao todo, o Apple Vision Pro <\/span><b>tem 12 c\u00e2meras e apresenta resolu\u00e7\u00e3o visual superior a 4K em cada uma de suas lentes<\/b><span style=\"font-weight: 400;\">. Desse modo, \u00e9 poss\u00edvel ver imagens n\u00edtidas e capturar movimentos com muita agilidade. Essa \u00e9 uma caracter\u00edstica que aprimora a profundidade, a sombra e a intera\u00e7\u00e3o com o mundo real, justamente por melhorar a tridimensionalidade dos objetos.<\/span><\/p>\n<h3><b>Micro-OLED<\/b><\/h3>\n<p><span style=\"font-weight: 400;\">O Vision Pro tamb\u00e9m n\u00e3o conta com tecnologias de retroilumina\u00e7\u00e3o, como os monitores de televis\u00e3o ou de computador. Com o recurso Micro-OLED, os \u00f3culos de Realidade Mista <\/span><b>formam imagens por meio de autotransmissores de luz<\/b><span style=\"font-weight: 400;\">, o que \u00e9 uma vantagem para a sa\u00fade da pele e dos olhos.<\/span><\/p>\n<h3><b>\u00c1udio espacial<\/b><\/h3>\n<p><span style=\"font-weight: 400;\">A transmiss\u00e3o sonora tamb\u00e9m \u00e9 de qualidade, uma vez que usa um \u00e1udio espacial, que aumenta a imers\u00e3o da tecnologia. Na pr\u00e1tica, \u00e9 como se o som ocupasse todo o ambiente no qual o usu\u00e1rio est\u00e1 inserido. Al\u00e9m disso, apresenta<\/span><b> 6 microfones para captar sons<\/b><span style=\"font-weight: 400;\">.<\/span><\/p>\n<h3><b>Bateria externa<\/b><\/h3>\n<p><span style=\"font-weight: 400;\">O dispositivo tamb\u00e9m vem com uma bateria externa que conta com at\u00e9 2 horas de dura\u00e7\u00e3o. Essa \u00e9 uma vantagem para os usu\u00e1rios que desejam ter mais mobilidade para utilizar o rel\u00f3gio, principalmente em atividades breves.<\/span><\/p>\n<h2><b>Qual a influ\u00eancia da tecnologia Apple Vision nos projetos de constru\u00e7\u00e3o?<\/b><\/h2>\n<p><span style=\"font-weight: 400;\">Assim como os mais diversos mercados, os setores da Arquitetura, Engenharia e de Constru\u00e7\u00e3o tamb\u00e9m usam novas tecnologias para promover otimiza\u00e7\u00e3o, melhorias e inova\u00e7\u00e3o nas obras. Com o uso de \u00f3culos de Realidade Mista, as oportunidades de implementa\u00e7\u00e3o de benef\u00edcios nos projetos s\u00f3 tendem a aumentar.<\/span><\/p>\n<p><span style=\"font-weight: 400;\">Isso acontece j\u00e1 que, com o uso da Realidade Virtual e Realidade Aumentada, \u00e9 poss\u00edvel visualizar detalhes da constru\u00e7\u00e3o, antes mesmo de inici\u00e1-la. Al\u00e9m disso, a capacidade de <\/span><b>testes de qualidade e seguran\u00e7a <\/b><span style=\"font-weight: 400;\">se torna mais precisa, principalmente ao trabalhar com dados precisos de reprodu\u00e7\u00e3o.<\/span><\/p>\n<p><span style=\"font-weight: 400;\">No geral, o<\/span>\u00a0<a href=\"https:\/\/www.apple.com\/apple-vision-pro\/\" target=\"_blank\" rel=\"noopener\"><span style=\"font-weight: 400;\">Apple Vision Pro<\/span><\/a><span style=\"font-weight: 400;\"> promete chegar ao mercado com \u00f3timas perspectivas. Avaliar as vantagens da ferramenta, tal como o custo-benef\u00edcio, ap\u00f3s a sua estreia no Brasil, pode ser uma estrat\u00e9gia muito valiosa para realizar projetos cada vez mais surpreendentes e com ainda mais qualidade.<\/span><\/p>\n<p><span style=\"font-weight: 400;\">Achou este post interessante? Ent\u00e3o, acompanhe os nossos perfis no<\/span> <a href=\"https:\/\/www.instagram.com\/inbuilt_br\/\" target=\"_blank\" rel=\"noopener\"><span style=\"font-weight: 400;\">Instagram<\/span><\/a><span style=\"font-weight: 400;\">,<\/span> <a href=\"https:\/\/www.linkedin.com\/company\/inbuilt-br\/\" target=\"_blank\" rel=\"noopener\"><span style=\"font-weight: 400;\">LinkedIn<\/span><\/a><span style=\"font-weight: 400;\"> e<\/span>\u00a0<a href=\"https:\/\/www.youtube.com\/channel\/UCQwmeK2RJPXJyDm2Pw7JoOg\" target=\"_blank\" rel=\"noopener\"><span style=\"font-weight: 400;\">YouTube<\/span><\/a><span style=\"font-weight: 400;\"> para n\u00e3o perder nenhuma novidade no ramo de Constru\u00e7\u00e3o Civil!<\/span><\/p>\n","protected":false},"excerpt":{"rendered":"<p>Smartphone, computador, notebook, leitores digitais: s\u00e3o v\u00e1rias as ferramentas digitais apresentadas ao mercado, evolu\u00edram e, atualmente, s\u00e3o grandes aliadas do dia a dia. O Apple Vision Pro, a mais nova tecnologia de Realidade Virtual e Realidade Mista, \u00e9 uma ferramenta da Apple que chama a aten\u00e7\u00e3o das mais variadas \u00e1reas de atua\u00e7\u00e3o, por conta de [&hellip;]<\/p>\n","protected":false},"author":2,"featured_media":138,"comment_status":"open","ping_status":"open","sticky":false,"template":"","format":"standard","meta":{"footnotes":""},"categories":[3],"tags":[],"class_list":["post-136","post","type-post","status-publish","format-standard","has-post-thumbnail","hentry","category-inbuilt-vs"],"yoast_head":"<!-- This site is optimized with the Yoast SEO plugin v20.1 - https:\/\/yoast.com\/wordpress\/plugins\/seo\/ -->\n<title>Apple Vision: o que \u00e9 e como ele funciona?<\/title>\n<meta name=\"description\" content=\"Saiba mais sobre o Apple Vision Pro e qual o motivo desse dispositivo ser \u00fatil e eficiente na constru\u00e7\u00e3o civil!\" \/>\n<meta name=\"robots\" content=\"index, follow, max-snippet:-1, max-image-preview:large, max-video-preview:-1\" \/>\n<link rel=\"canonical\" href=\"https:\/\/www.inbuilt.com.br\/blog\/apple-vision\/\" \/>\n<meta property=\"og:locale\" content=\"en_US\" \/>\n<meta property=\"og:type\" content=\"article\" \/>\n<meta property=\"og:title\" content=\"Apple Vision: o que \u00e9 e como ele funciona?\" \/>\n<meta property=\"og:description\" content=\"Saiba mais sobre o Apple Vision Pro e qual o motivo desse dispositivo ser \u00fatil e eficiente na constru\u00e7\u00e3o civil!\" \/>\n<meta property=\"og:url\" content=\"https:\/\/www.inbuilt.com.br\/blog\/apple-vision\/\" \/>\n<meta property=\"og:site_name\" content=\"Blog - Inbuilt\" \/>\n<meta property=\"article:published_time\" content=\"2023-08-23T19:46:15+00:00\" \/>\n<meta property=\"og:image\" content=\"https:\/\/www.inbuilt.com.br\/blog\/wp-content\/uploads\/2023\/08\/apple-vision.jpg\" \/>\n\t<meta property=\"og:image:width\" content=\"1080\" \/>\n\t<meta property=\"og:image:height\" content=\"720\" \/>\n\t<meta property=\"og:image:type\" content=\"image\/jpeg\" \/>\n<meta name=\"author\" content=\"admin\" \/>\n<meta name=\"twitter:card\" content=\"summary_large_image\" \/>\n<meta name=\"twitter:label1\" content=\"Written by\" \/>\n\t<meta name=\"twitter:data1\" content=\"admin\" \/>\n\t<meta name=\"twitter:label2\" content=\"Est. reading time\" \/>\n\t<meta name=\"twitter:data2\" content=\"4 minutes\" \/>\n<script type=\"application\/ld+json\" class=\"yoast-schema-graph\">{\"@context\":\"https:\/\/schema.org\",\"@graph\":[{\"@type\":\"Article\",\"@id\":\"https:\/\/www.inbuilt.com.br\/blog\/apple-vision\/#article\",\"isPartOf\":{\"@id\":\"https:\/\/www.inbuilt.com.br\/blog\/apple-vision\/\"},\"author\":{\"name\":\"admin\",\"@id\":\"https:\/\/www.inbuilt.com.br\/blog:80\/#\/schema\/person\/c3c9e5774485432fec7babf9a825fd2d\"},\"headline\":\"Apple Vision: o que \u00e9 e como ele funciona?\",\"datePublished\":\"2023-08-23T19:46:15+00:00\",\"dateModified\":\"2023-08-23T19:46:15+00:00\",\"mainEntityOfPage\":{\"@id\":\"https:\/\/www.inbuilt.com.br\/blog\/apple-vision\/\"},\"wordCount\":910,\"commentCount\":0,\"publisher\":{\"@id\":\"https:\/\/www.inbuilt.com.br\/blog:80\/#organization\"},\"articleSection\":[\"Inbuilt VS\"],\"inLanguage\":\"en-US\",\"potentialAction\":[{\"@type\":\"CommentAction\",\"name\":\"Comment\",\"target\":[\"https:\/\/www.inbuilt.com.br\/blog\/apple-vision\/#respond\"]}]},{\"@type\":\"WebPage\",\"@id\":\"https:\/\/www.inbuilt.com.br\/blog\/apple-vision\/\",\"url\":\"https:\/\/www.inbuilt.com.br\/blog\/apple-vision\/\",\"name\":\"Apple Vision: o que \u00e9 e como ele funciona?\",\"isPartOf\":{\"@id\":\"https:\/\/www.inbuilt.com.br\/blog:80\/#website\"},\"datePublished\":\"2023-08-23T19:46:15+00:00\",\"dateModified\":\"2023-08-23T19:46:15+00:00\",\"description\":\"Saiba mais sobre o Apple Vision Pro e qual o motivo desse dispositivo ser \u00fatil e eficiente na constru\u00e7\u00e3o civil!\",\"breadcrumb\":{\"@id\":\"https:\/\/www.inbuilt.com.br\/blog\/apple-vision\/#breadcrumb\"},\"inLanguage\":\"en-US\",\"potentialAction\":[{\"@type\":\"ReadAction\",\"target\":[\"https:\/\/www.inbuilt.com.br\/blog\/apple-vision\/\"]}]},{\"@type\":\"BreadcrumbList\",\"@id\":\"https:\/\/www.inbuilt.com.br\/blog\/apple-vision\/#breadcrumb\",\"itemListElement\":[{\"@type\":\"ListItem\",\"position\":1,\"name\":\"Home\",\"item\":\"https:\/\/www.inbuilt.com.br\/blog\/\"},{\"@type\":\"ListItem\",\"position\":2,\"name\":\"Apple Vision: o que \u00e9 e como ele funciona?\"}]},{\"@type\":\"WebSite\",\"@id\":\"https:\/\/www.inbuilt.com.br\/blog:80\/#website\",\"url\":\"https:\/\/www.inbuilt.com.br\/blog:80\/\",\"name\":\"Blog - Inbuilt\",\"description\":\"\",\"publisher\":{\"@id\":\"https:\/\/www.inbuilt.com.br\/blog:80\/#organization\"},\"potentialAction\":[{\"@type\":\"SearchAction\",\"target\":{\"@type\":\"EntryPoint\",\"urlTemplate\":\"https:\/\/www.inbuilt.com.br\/blog:80\/?s={search_term_string}\"},\"query-input\":\"required name=search_term_string\"}],\"inLanguage\":\"en-US\"},{\"@type\":\"Organization\",\"@id\":\"https:\/\/www.inbuilt.com.br\/blog:80\/#organization\",\"name\":\"Blog - Inbuilt\",\"url\":\"https:\/\/www.inbuilt.com.br\/blog:80\/\",\"logo\":{\"@type\":\"ImageObject\",\"inLanguage\":\"en-US\",\"@id\":\"https:\/\/www.inbuilt.com.br\/blog:80\/#\/schema\/logo\/image\/\",\"url\":\"https:\/\/www.inbuilt.com.br\/blog\/wp-content\/uploads\/2023\/02\/cropped-Frame.png\",\"contentUrl\":\"https:\/\/www.inbuilt.com.br\/blog\/wp-content\/uploads\/2023\/02\/cropped-Frame.png\",\"width\":60,\"height\":76,\"caption\":\"Blog - Inbuilt\"},\"image\":{\"@id\":\"https:\/\/www.inbuilt.com.br\/blog:80\/#\/schema\/logo\/image\/\"}},{\"@type\":\"Person\",\"@id\":\"https:\/\/www.inbuilt.com.br\/blog:80\/#\/schema\/person\/c3c9e5774485432fec7babf9a825fd2d\",\"name\":\"admin\",\"image\":{\"@type\":\"ImageObject\",\"inLanguage\":\"en-US\",\"@id\":\"https:\/\/www.inbuilt.com.br\/blog:80\/#\/schema\/person\/image\/\",\"url\":\"https:\/\/secure.gravatar.com\/avatar\/8ab147057b37a1350b0944d6ef725178d9500ef7922458c79c267963d18b2207?s=96&d=mm&r=g\",\"contentUrl\":\"https:\/\/secure.gravatar.com\/avatar\/8ab147057b37a1350b0944d6ef725178d9500ef7922458c79c267963d18b2207?s=96&d=mm&r=g\",\"caption\":\"admin\"},\"url\":\"https:\/\/www.inbuilt.com.br\/blog\/author\/adminbuilt\/\"}]}<\/script>\n<!-- \/ Yoast SEO plugin. -->","yoast_head_json":{"title":"Apple Vision: o que \u00e9 e como ele funciona?","description":"Saiba mais sobre o Apple Vision Pro e qual o motivo desse dispositivo ser \u00fatil e eficiente na constru\u00e7\u00e3o civil!","robots":{"index":"index","follow":"follow","max-snippet":"max-snippet:-1","max-image-preview":"max-image-preview:large","max-video-preview":"max-video-preview:-1"},"canonical":"https:\/\/www.inbuilt.com.br\/blog\/apple-vision\/","og_locale":"en_US","og_type":"article","og_title":"Apple Vision: o que \u00e9 e como ele funciona?","og_description":"Saiba mais sobre o Apple Vision Pro e qual o motivo desse dispositivo ser \u00fatil e eficiente na constru\u00e7\u00e3o civil!","og_url":"https:\/\/www.inbuilt.com.br\/blog\/apple-vision\/","og_site_name":"Blog - Inbuilt","article_published_time":"2023-08-23T19:46:15+00:00","og_image":[{"width":1080,"height":720,"url":"https:\/\/www.inbuilt.com.br\/blog\/wp-content\/uploads\/2023\/08\/apple-vision.jpg","type":"image\/jpeg"}],"author":"admin","twitter_card":"summary_large_image","twitter_misc":{"Written by":"admin","Est. reading time":"4 minutes"},"schema":{"@context":"https:\/\/schema.org","@graph":[{"@type":"Article","@id":"https:\/\/www.inbuilt.com.br\/blog\/apple-vision\/#article","isPartOf":{"@id":"https:\/\/www.inbuilt.com.br\/blog\/apple-vision\/"},"author":{"name":"admin","@id":"https:\/\/www.inbuilt.com.br\/blog:80\/#\/schema\/person\/c3c9e5774485432fec7babf9a825fd2d"},"headline":"Apple Vision: o que \u00e9 e como ele funciona?","datePublished":"2023-08-23T19:46:15+00:00","dateModified":"2023-08-23T19:46:15+00:00","mainEntityOfPage":{"@id":"https:\/\/www.inbuilt.com.br\/blog\/apple-vision\/"},"wordCount":910,"commentCount":0,"publisher":{"@id":"https:\/\/www.inbuilt.com.br\/blog:80\/#organization"},"articleSection":["Inbuilt VS"],"inLanguage":"en-US","potentialAction":[{"@type":"CommentAction","name":"Comment","target":["https:\/\/www.inbuilt.com.br\/blog\/apple-vision\/#respond"]}]},{"@type":"WebPage","@id":"https:\/\/www.inbuilt.com.br\/blog\/apple-vision\/","url":"https:\/\/www.inbuilt.com.br\/blog\/apple-vision\/","name":"Apple Vision: o que \u00e9 e como ele funciona?","isPartOf":{"@id":"https:\/\/www.inbuilt.com.br\/blog:80\/#website"},"datePublished":"2023-08-23T19:46:15+00:00","dateModified":"2023-08-23T19:46:15+00:00","description":"Saiba mais sobre o Apple Vision Pro e qual o motivo desse dispositivo ser \u00fatil e eficiente na constru\u00e7\u00e3o civil!","breadcrumb":{"@id":"https:\/\/www.inbuilt.com.br\/blog\/apple-vision\/#breadcrumb"},"inLanguage":"en-US","potentialAction":[{"@type":"ReadAction","target":["https:\/\/www.inbuilt.com.br\/blog\/apple-vision\/"]}]},{"@type":"BreadcrumbList","@id":"https:\/\/www.inbuilt.com.br\/blog\/apple-vision\/#breadcrumb","itemListElement":[{"@type":"ListItem","position":1,"name":"Home","item":"https:\/\/www.inbuilt.com.br\/blog\/"},{"@type":"ListItem","position":2,"name":"Apple Vision: o que \u00e9 e como ele funciona?"}]},{"@type":"WebSite","@id":"https:\/\/www.inbuilt.com.br\/blog:80\/#website","url":"https:\/\/www.inbuilt.com.br\/blog:80\/","name":"Blog - Inbuilt","description":"","publisher":{"@id":"https:\/\/www.inbuilt.com.br\/blog:80\/#organization"},"potentialAction":[{"@type":"SearchAction","target":{"@type":"EntryPoint","urlTemplate":"https:\/\/www.inbuilt.com.br\/blog:80\/?s={search_term_string}"},"query-input":"required name=search_term_string"}],"inLanguage":"en-US"},{"@type":"Organization","@id":"https:\/\/www.inbuilt.com.br\/blog:80\/#organization","name":"Blog - Inbuilt","url":"https:\/\/www.inbuilt.com.br\/blog:80\/","logo":{"@type":"ImageObject","inLanguage":"en-US","@id":"https:\/\/www.inbuilt.com.br\/blog:80\/#\/schema\/logo\/image\/","url":"https:\/\/www.inbuilt.com.br\/blog\/wp-content\/uploads\/2023\/02\/cropped-Frame.png","contentUrl":"https:\/\/www.inbuilt.com.br\/blog\/wp-content\/uploads\/2023\/02\/cropped-Frame.png","width":60,"height":76,"caption":"Blog - Inbuilt"},"image":{"@id":"https:\/\/www.inbuilt.com.br\/blog:80\/#\/schema\/logo\/image\/"}},{"@type":"Person","@id":"https:\/\/www.inbuilt.com.br\/blog:80\/#\/schema\/person\/c3c9e5774485432fec7babf9a825fd2d","name":"admin","image":{"@type":"ImageObject","inLanguage":"en-US","@id":"https:\/\/www.inbuilt.com.br\/blog:80\/#\/schema\/person\/image\/","url":"https:\/\/secure.gravatar.com\/avatar\/8ab147057b37a1350b0944d6ef725178d9500ef7922458c79c267963d18b2207?s=96&d=mm&r=g","contentUrl":"https:\/\/secure.gravatar.com\/avatar\/8ab147057b37a1350b0944d6ef725178d9500ef7922458c79c267963d18b2207?s=96&d=mm&r=g","caption":"admin"},"url":"https:\/\/www.inbuilt.com.br\/blog\/author\/adminbuilt\/"}]}},"_links":{"self":[{"href":"https:\/\/www.inbuilt.com.br\/blog\/wp-json\/wp\/v2\/posts\/136","targetHints":{"allow":["GET"]}}],"collection":[{"href":"https:\/\/www.inbuilt.com.br\/blog\/wp-json\/wp\/v2\/posts"}],"about":[{"href":"https:\/\/www.inbuilt.com.br\/blog\/wp-json\/wp\/v2\/types\/post"}],"author":[{"embeddable":true,"href":"https:\/\/www.inbuilt.com.br\/blog\/wp-json\/wp\/v2\/users\/2"}],"replies":[{"embeddable":true,"href":"https:\/\/www.inbuilt.com.br\/blog\/wp-json\/wp\/v2\/comments?post=136"}],"version-history":[{"count":1,"href":"https:\/\/www.inbuilt.com.br\/blog\/wp-json\/wp\/v2\/posts\/136\/revisions"}],"predecessor-version":[{"id":139,"href":"https:\/\/www.inbuilt.com.br\/blog\/wp-json\/wp\/v2\/posts\/136\/revisions\/139"}],"wp:featuredmedia":[{"embeddable":true,"href":"https:\/\/www.inbuilt.com.br\/blog\/wp-json\/wp\/v2\/media\/138"}],"wp:attachment":[{"href":"https:\/\/www.inbuilt.com.br\/blog\/wp-json\/wp\/v2\/media?parent=136"}],"wp:term":[{"taxonomy":"category","embeddable":true,"href":"https:\/\/www.inbuilt.com.br\/blog\/wp-json\/wp\/v2\/categories?post=136"},{"taxonomy":"post_tag","embeddable":true,"href":"https:\/\/www.inbuilt.com.br\/blog\/wp-json\/wp\/v2\/tags?post=136"}],"curies":[{"name":"wp","href":"https:\/\/api.w.org\/{rel}","templated":true}]}}